{"id":150,"date":"2014-01-18T01:24:55","date_gmt":"2014-01-18T00:24:55","guid":{"rendered":"http:\/\/www.parken-falkenwiese.de\/?p=150"},"modified":"2014-01-18T10:03:36","modified_gmt":"2014-01-18T09:03:36","slug":"termin-mit-innensenator-moeller-steht","status":"publish","type":"post","link":"https:\/\/parken-falkenwiese.de\/?p=150","title":{"rendered":"Termin mit Innensenator M\u00f6ller steht!"},"content":{"rendered":"<p>Am kommenden Montag, den 20. Januar 2014 werden wir uns um 16 Uhr zum Gespr\u00e4ch mit Herrn Innensenator Bernd M\u00f6ller begeben. Sein B\u00fcro hat kurzfristig diesen Termin erm\u00f6glicht.<\/p>\n<p>Wir werden Herrn M\u00f6ller die bisher 450 Unterschriften \u00fcberreichen, um deutlich zu machen, dass wir f\u00fcr unseren Vorschlag eine breite Unterst\u00fctzung aus dem Viertel haben.<\/p>\n<p>Wir gehen von einem konstruktiven Gespr\u00e4chsverlauf aus und hoffen, die von uns f\u00fcr alle Verkehrsbeteiligten sinnvolle L\u00f6sung besprechen zu k\u00f6nnen.<\/p>\n<p>Auch mittelfristig vern\u00fcnftige L\u00f6sungen der Stadtverwaltung unter Beteiligung und mit Hilfe der Ideen der Anwohner k\u00f6nnen Gespr\u00e4chsthema sein, sowie der Umgang der Stadtverwaltung mit den Beteiligten Anwohnern.<\/p>\n<p>Im Anschluss werden wir die Presse \u00fcber die Ergebnisse des Gespr\u00e4ches informieren und hier nat\u00fcrlich einen Beitrag dazu ver\u00f6ffentlichen.<\/p>\n<p>Gerne bieten wir auch Herrn M\u00f6ller an, Informationen auf diesem Blog f\u00fcr die Bewohner zu ver\u00f6ffentlichen, wie es sich Herr Bausenator Boden f\u00fcr seinen Fachbereich\u00a0 gew\u00fcnscht hat.<\/p>\n<p>Wir freuen uns \u00fcbrigens auch auf den Dialog, wie Herr M\u00f6ller auch (siehe <a href=\"http:\/\/www.ln-online.de\/Lokales\/Luebeck\/Moeller-Habe-Gehwegbreite-nicht-definiert\" target=\"_blank\">LN-online-Artikel<\/a>)!<\/p>\n<p>Wir rufen noch einmal zur Sammlung von Unterschriften bis Montag, 20. Januar 14 Uhr auf! Vielleicht bekommen wir die 500ter Marke ja ordentlich geknackt bis dahin! Das w\u00e4re toll!<\/p>\n","protected":false},"excerpt":{"rendered":"<p>Am kommenden Montag, den 20. Januar 2014 werden wir uns um 16 Uhr zum Gespr\u00e4ch mit Herrn Innensenator Bernd M\u00f6ller begeben. Sein B\u00fcro hat kurzfristig diesen Termin erm\u00f6glicht. Wir werden Herrn M\u00f6ller die bisher 450 Unterschriften \u00fcberreichen, um deutlich zu machen, dass wir f\u00fcr unseren Vorschlag eine breite Unterst\u00fctzung aus dem Viertel haben. Wir gehen [&hellip;]<\/p>\n","protected":false},"author":1,"featured_media":0,"comment_status":"open","ping_status":"open","sticky":false,"template":"","format":"standard","meta":{"footnotes":""},"categories":[1],"tags":[],"_links":{"self":[{"href":"https:\/\/parken-falkenwiese.de\/index.php?rest_route=\/wp\/v2\/posts\/150"}],"collection":[{"href":"https:\/\/parken-falkenwiese.de\/index.php?rest_route=\/wp\/v2\/posts"}],"about":[{"href":"https:\/\/parken-falkenwiese.de\/index.php?rest_route=\/wp\/v2\/types\/post"}],"author":[{"embeddable":true,"href":"https:\/\/parken-falkenwiese.de\/index.php?rest_route=\/wp\/v2\/users\/1"}],"replies":[{"embeddable":true,"href":"https:\/\/parken-falkenwiese.de\/index.php?rest_route=%2Fwp%2Fv2%2Fcomments&post=150"}],"version-history":[{"count":9,"href":"https:\/\/parken-falkenwiese.de\/index.php?rest_route=\/wp\/v2\/posts\/150\/revisions"}],"predecessor-version":[{"id":153,"href":"https:\/\/parken-falkenwiese.de\/index.php?rest_route=\/wp\/v2\/posts\/150\/revisions\/153"}],"wp:attachment":[{"href":"https:\/\/parken-falkenwiese.de\/index.php?rest_route=%2Fwp%2Fv2%2Fmedia&parent=150"}],"wp:term":[{"taxonomy":"category","embeddable":true,"href":"https:\/\/parken-falkenwiese.de\/index.php?rest_route=%2Fwp%2Fv2%2Fcategories&post=150"},{"taxonomy":"post_tag","embeddable":true,"href":"https:\/\/parken-falkenwiese.de\/index.php?rest_route=%2Fwp%2Fv2%2Ftags&post=150"}],"curies":[{"name":"wp","href":"https:\/\/api.w.org\/{rel}","templated":true}]}}