{"id":140,"date":"2014-01-15T21:22:05","date_gmt":"2014-01-15T20:22:05","guid":{"rendered":"http:\/\/www.parken-falkenwiese.de\/?p=140"},"modified":"2014-01-15T21:22:05","modified_gmt":"2014-01-15T20:22:05","slug":"versammlung-in-der-phoenixhalle-entfaellt","status":"publish","type":"post","link":"https:\/\/parken-falkenwiese.de\/?p=140","title":{"rendered":"Versammlung in der Ph\u00f6nixhalle ENTF\u00c4LLT"},"content":{"rendered":"<p>Die f\u00fcr die Initiative und Planung verantwortlichen Mitb\u00fcrgerinnen und Mitb\u00fcrger haben uns heute Informiert, dass die von ihnen geplante Versammlung am Freitag, 17.01.2014 enfallen wird. Wir geben das an dieser Stelle weiter.<\/p>\n<p>Heute Vormittag haben wir Herrn Innensenator Bernd M\u00f6ller eine Anfrage f\u00fcr einen Termin zu Beginn der n\u00e4chsten Woche geschickt. Wir wollen ihm unsere Unterschriften \u00fcberreichen und mit ihm in den von ihm gew\u00fcnschten Dialog treten.<\/p>\n<p>Weiterhin wollen wir auf die Berichterstattung von <a href=\"http:\/\/www.hl-live.de\/aktuell\/textstart.php?id=88923&amp;w=1\" target=\"_blank\">hl-live<\/a> zum Thema hinweisen.<\/p>\n","protected":false},"excerpt":{"rendered":"<p>Die f\u00fcr die Initiative und Planung verantwortlichen Mitb\u00fcrgerinnen und Mitb\u00fcrger haben uns heute Informiert, dass die von ihnen geplante Versammlung am Freitag, 17.01.2014 enfallen wird. Wir geben das an dieser Stelle weiter. Heute Vormittag haben wir Herrn Innensenator Bernd M\u00f6ller eine Anfrage f\u00fcr einen Termin zu Beginn der n\u00e4chsten Woche geschickt. Wir wollen ihm unsere [&hellip;]<\/p>\n","protected":false},"author":1,"featured_media":0,"comment_status":"open","ping_status":"open","sticky":false,"template":"","format":"standard","meta":{"footnotes":""},"categories":[1],"tags":[],"_links":{"self":[{"href":"https:\/\/parken-falkenwiese.de\/index.php?rest_route=\/wp\/v2\/posts\/140"}],"collection":[{"href":"https:\/\/parken-falkenwiese.de\/index.php?rest_route=\/wp\/v2\/posts"}],"about":[{"href":"https:\/\/parken-falkenwiese.de\/index.php?rest_route=\/wp\/v2\/types\/post"}],"author":[{"embeddable":true,"href":"https:\/\/parken-falkenwiese.de\/index.php?rest_route=\/wp\/v2\/users\/1"}],"replies":[{"embeddable":true,"href":"https:\/\/parken-falkenwiese.de\/index.php?rest_route=%2Fwp%2Fv2%2Fcomments&post=140"}],"version-history":[{"count":2,"href":"https:\/\/parken-falkenwiese.de\/index.php?rest_route=\/wp\/v2\/posts\/140\/revisions"}],"predecessor-version":[{"id":142,"href":"https:\/\/parken-falkenwiese.de\/index.php?rest_route=\/wp\/v2\/posts\/140\/revisions\/142"}],"wp:attachment":[{"href":"https:\/\/parken-falkenwiese.de\/index.php?rest_route=%2Fwp%2Fv2%2Fmedia&parent=140"}],"wp:term":[{"taxonomy":"category","embeddable":true,"href":"https:\/\/parken-falkenwiese.de\/index.php?rest_route=%2Fwp%2Fv2%2Fcategories&post=140"},{"taxonomy":"post_tag","embeddable":true,"href":"https:\/\/parken-falkenwiese.de\/index.php?rest_route=%2Fwp%2Fv2%2Ftags&post=140"}],"curies":[{"name":"wp","href":"https:\/\/api.w.org\/{rel}","templated":true}]}}